{"id":593,"date":"2015-04-23T15:23:53","date_gmt":"2015-04-23T18:23:53","guid":{"rendered":"https:\/\/www.cervejaemalte.com.br\/blog\/?p=593"},"modified":"2015-04-23T15:23:53","modified_gmt":"2015-04-23T18:23:53","slug":"ate-onde-vai-esta-febre","status":"publish","type":"post","link":"https:\/\/cervejaemalte.com.br\/es\/blog\/donde-esta-esta-fiebre\/","title":{"rendered":"\u00bfHasta d\u00f3nde llega esta fiebre?"},"content":{"rendered":"<p>Estuve estos d\u00edas en Brasilia y me di cuenta de que el consumo de cervezas especiales no est\u00e1 directamente relacionado con la renta per c\u00e1pita. En la capital federal me cost\u00f3 encontrar cervezas que no fueran de grandes marcas en supermercados y centros comerciales, por ejemplo. S\u00f3lo las casas especializadas trabajan con estos productos.<\/p>\n<p>Aqu\u00ed, en el sur del pa\u00eds, nos hemos acostumbrado a comprar, sin darnos cuenta, cervezas especiales en mercados, gasolineras y tiendas de conveniencia. De hecho, disponemos de una enorme gama de etiquetas para elegir y satisfacer nuestra curiosidad. Esta experiencia me hizo pensar que realmente hay mucho por hacer para que este mercado crezca en este pa\u00eds. A veces, como tratamos el tema a diario, nos parece que hay una ebullici\u00f3n de empresas que se est\u00e1n creando y una de las preguntas que m\u00e1s respondemos es: \u00bfhasta d\u00f3nde llega esta fiebre?<\/p>\n<p>Espero y conf\u00edo en que llegue lejos. Considerando que los \u00edndices de consumo ya alcanzados en el sur y en una parte importante del sudeste de Brasil se extender\u00e1n a todo el pa\u00eds, podr\u00edamos cuadruplicar f\u00e1cilmente este mercado. S\u00f3lo ocupando espacios inexplorados, llevando la cultura cervecera, la experimentaci\u00f3n con nuevos aromas, texturas y sabores, a todo el territorio nacional. S\u00e9 que suena f\u00e1cil, pero en la pr\u00e1ctica cambiar una cultura requiere esfuerzo. Mi contacto con gente de todo el pa\u00eds que estudia este mercado me indica que hay dificultades para iniciar proyectos cerveceros.<\/p>\n<p>A pesar de este cerrojazo, si dejamos de mirarnos el ombligo y observamos lo que ocurre con los pa\u00edses m\u00e1s desarrollados, especialmente los apasionados de la cerveza como nosotros -Alemania, Estados Unidos e Inglaterra-, el panorama cambia. Para hacernos una idea, el mercado de las cervezas especiales representa m\u00e1s del 20% del mercado de la cerveza en estos pa\u00edses. Para alcanzar este nivel, tendr\u00edamos que multiplicar nuestro mercado por doce.<\/p>\n<p>\u00bfUn mercado que potencialmente puede multiplicarse por doce es suficiente para que los empresarios creen negocios o ampl\u00eden sus cervecer\u00edas? Para mi alegr\u00eda, creo que dentro de unos a\u00f1os podr\u00e9 comprar cervezas especiales cuando visite la capital federal. Ser\u00e1 estupendo, porque combinan perfectamente con la sequedad del clima de Brasilia.<\/p>","protected":false},"excerpt":{"rendered":"<p>El otro d\u00eda estuve en Brasilia y me di cuenta de que el consumo de cervezas especiales no est\u00e1 directamente relacionado con la renta per c\u00e1pita. En la capital federal me result\u00f3 dif\u00edcil encontrar cervezas que no fueran de grandes marcas en supermercados y centros comerciales, por ejemplo. S\u00f3lo las tiendas especializadas venden estos productos. Aqu\u00ed, en el sur del pa\u00eds, ya [...]<\/p>","protected":false},"author":1,"featured_media":594,"comment_status":"open","ping_status":"open","sticky":false,"template":"","format":"standard","meta":{"footnotes":""},"categories":[77,33],"tags":[214,215,216,92],"class_list":["post-593","post","type-post","status-publish","format-standard","has-post-thumbnail","hentry","category-cervejarias","category-gestao-e-negocios","tag-cervejas-especiais","tag-cervejas-especiais-em-brasilia","tag-crescimento-do-mercado-de-cerveja","tag-mercado-de-cerveja"],"yoast_head":"<!-- This site is optimized with the Yoast SEO plugin v26.0 - https:\/\/yoast.com\/wordpress\/plugins\/seo\/ -->\n<title>At\u00e9 onde vai esta febre? - Cerveja e Malte<\/title>\n<meta name=\"robots\" content=\"index, follow, max-snippet:-1, max-image-preview:large, max-video-preview:-1\" \/>\n<link rel=\"canonical\" href=\"https:\/\/cervejaemalte.com.br\/es\/blog\/donde-esta-esta-fiebre\/\" \/>\n<meta property=\"og:locale\" content=\"es_ES\" \/>\n<meta property=\"og:type\" content=\"article\" \/>\n<meta property=\"og:title\" content=\"At\u00e9 onde vai esta febre? - Cerveja e Malte\" \/>\n<meta property=\"og:description\" content=\"Estive em Bras\u00edlia estes dias e comprovei que o consumo de cervejas especiais n\u00e3o est\u00e1 ligado diretamente \u00e0 renda per capita. Na capital federal tive dificuldade de encontrar cervejas que n\u00e3o fossem de grandes marcas em supermercados e shoppings, por exemplo. Apenas casas especializadas trabalham com estes produtos. N\u00f3s aqui do sul do pa\u00eds j\u00e1 [&hellip;]\" \/>\n<meta property=\"og:url\" content=\"https:\/\/cervejaemalte.com.br\/es\/blog\/donde-esta-esta-fiebre\/\" \/>\n<meta property=\"og:site_name\" content=\"Cerveja e Malte\" \/>\n<meta property=\"article:published_time\" content=\"2015-04-23T18:23:53+00:00\" \/>\n<meta property=\"og:image\" content=\"https:\/\/cervejaemalte.com.br\/wp-content\/uploads\/2015\/04\/shutterstock_135412181-1.jpg\" \/>\n\t<meta property=\"og:image:width\" content=\"1348\" \/>\n\t<meta property=\"og:image:height\" content=\"899\" \/>\n\t<meta property=\"og:image:type\" content=\"image\/jpeg\" \/>\n<meta name=\"author\" content=\"vwwebmaster\" \/>\n<meta name=\"twitter:card\" content=\"summary_large_image\" \/>\n<meta name=\"twitter:label1\" content=\"Escrito por\" \/>\n\t<meta name=\"twitter:data1\" content=\"vwwebmaster\" \/>\n\t<meta name=\"twitter:label2\" content=\"Tiempo de lectura\" \/>\n\t<meta name=\"twitter:data2\" content=\"2 minutos\" \/>\n<script type=\"application\/ld+json\" class=\"yoast-schema-graph\">{\"@context\":\"https:\/\/schema.org\",\"@graph\":[{\"@type\":\"WebPage\",\"@id\":\"https:\/\/cervejaemalte.com.br\/blog\/ate-onde-vai-esta-febre\/\",\"url\":\"https:\/\/cervejaemalte.com.br\/blog\/ate-onde-vai-esta-febre\/\",\"name\":\"At\u00e9 onde vai esta febre? - Cerveja e Malte\",\"isPartOf\":{\"@id\":\"https:\/\/cervejaemalte.com.br\/#website\"},\"primaryImageOfPage\":{\"@id\":\"https:\/\/cervejaemalte.com.br\/blog\/ate-onde-vai-esta-febre\/#primaryimage\"},\"image\":{\"@id\":\"https:\/\/cervejaemalte.com.br\/blog\/ate-onde-vai-esta-febre\/#primaryimage\"},\"thumbnailUrl\":\"https:\/\/cervejaemalte.com.br\/wp-content\/uploads\/2015\/04\/shutterstock_135412181-1.jpg\",\"datePublished\":\"2015-04-23T18:23:53+00:00\",\"author\":{\"@id\":\"https:\/\/cervejaemalte.com.br\/#\/schema\/person\/f1cb569af4c641c9da3a7dc2147a1ab8\"},\"breadcrumb\":{\"@id\":\"https:\/\/cervejaemalte.com.br\/blog\/ate-onde-vai-esta-febre\/#breadcrumb\"},\"inLanguage\":\"es\",\"potentialAction\":[{\"@type\":\"ReadAction\",\"target\":[\"https:\/\/cervejaemalte.com.br\/blog\/ate-onde-vai-esta-febre\/\"]}]},{\"@type\":\"ImageObject\",\"inLanguage\":\"es\",\"@id\":\"https:\/\/cervejaemalte.com.br\/blog\/ate-onde-vai-esta-febre\/#primaryimage\",\"url\":\"https:\/\/cervejaemalte.com.br\/wp-content\/uploads\/2015\/04\/shutterstock_135412181-1.jpg\",\"contentUrl\":\"https:\/\/cervejaemalte.com.br\/wp-content\/uploads\/2015\/04\/shutterstock_135412181-1.jpg\",\"width\":1348,\"height\":899},{\"@type\":\"BreadcrumbList\",\"@id\":\"https:\/\/cervejaemalte.com.br\/blog\/ate-onde-vai-esta-febre\/#breadcrumb\",\"itemListElement\":[{\"@type\":\"ListItem\",\"position\":1,\"name\":\"In\u00edcio\",\"item\":\"https:\/\/cervejaemalte.com.br\/\"},{\"@type\":\"ListItem\",\"position\":2,\"name\":\"At\u00e9 onde vai esta febre?\"}]},{\"@type\":\"WebSite\",\"@id\":\"https:\/\/cervejaemalte.com.br\/#website\",\"url\":\"https:\/\/cervejaemalte.com.br\/\",\"name\":\"Cerveja e Malte\",\"description\":\"\",\"potentialAction\":[{\"@type\":\"SearchAction\",\"target\":{\"@type\":\"EntryPoint\",\"urlTemplate\":\"https:\/\/cervejaemalte.com.br\/?s={search_term_string}\"},\"query-input\":{\"@type\":\"PropertyValueSpecification\",\"valueRequired\":true,\"valueName\":\"search_term_string\"}}],\"inLanguage\":\"es\"},{\"@type\":\"Person\",\"@id\":\"https:\/\/cervejaemalte.com.br\/#\/schema\/person\/f1cb569af4c641c9da3a7dc2147a1ab8\",\"name\":\"vwwebmaster\",\"image\":{\"@type\":\"ImageObject\",\"inLanguage\":\"es\",\"@id\":\"https:\/\/cervejaemalte.com.br\/#\/schema\/person\/image\/\",\"url\":\"https:\/\/secure.gravatar.com\/avatar\/d5d9325311fe1f45c9d73ca30379f21ef2aa3dfaad2b297a1bb7a49062185564?s=96&d=mm&r=g\",\"contentUrl\":\"https:\/\/secure.gravatar.com\/avatar\/d5d9325311fe1f45c9d73ca30379f21ef2aa3dfaad2b297a1bb7a49062185564?s=96&d=mm&r=g\",\"caption\":\"vwwebmaster\"},\"sameAs\":[\"https:\/\/www.cervejaemalte.com.br\/blog2021\"],\"url\":\"https:\/\/cervejaemalte.com.br\/es\/blog\/author\/vwwebmaster\/\"}]}<\/script>\n<!-- \/ Yoast SEO plugin. -->","yoast_head_json":{"title":"At\u00e9 onde vai esta febre? - Cerveja e Malte","robots":{"index":"index","follow":"follow","max-snippet":"max-snippet:-1","max-image-preview":"max-image-preview:large","max-video-preview":"max-video-preview:-1"},"canonical":"https:\/\/cervejaemalte.com.br\/es\/blog\/donde-esta-esta-fiebre\/","og_locale":"es_ES","og_type":"article","og_title":"At\u00e9 onde vai esta febre? - Cerveja e Malte","og_description":"Estive em Bras\u00edlia estes dias e comprovei que o consumo de cervejas especiais n\u00e3o est\u00e1 ligado diretamente \u00e0 renda per capita. Na capital federal tive dificuldade de encontrar cervejas que n\u00e3o fossem de grandes marcas em supermercados e shoppings, por exemplo. Apenas casas especializadas trabalham com estes produtos. N\u00f3s aqui do sul do pa\u00eds j\u00e1 [&hellip;]","og_url":"https:\/\/cervejaemalte.com.br\/es\/blog\/donde-esta-esta-fiebre\/","og_site_name":"Cerveja e Malte","article_published_time":"2015-04-23T18:23:53+00:00","og_image":[{"width":1348,"height":899,"url":"https:\/\/cervejaemalte.com.br\/wp-content\/uploads\/2015\/04\/shutterstock_135412181-1.jpg","type":"image\/jpeg"}],"author":"vwwebmaster","twitter_card":"summary_large_image","twitter_misc":{"Escrito por":"vwwebmaster","Tiempo de lectura":"2 minutos"},"schema":{"@context":"https:\/\/schema.org","@graph":[{"@type":"WebPage","@id":"https:\/\/cervejaemalte.com.br\/blog\/ate-onde-vai-esta-febre\/","url":"https:\/\/cervejaemalte.com.br\/blog\/ate-onde-vai-esta-febre\/","name":"At\u00e9 onde vai esta febre? - Cerveja e Malte","isPartOf":{"@id":"https:\/\/cervejaemalte.com.br\/#website"},"primaryImageOfPage":{"@id":"https:\/\/cervejaemalte.com.br\/blog\/ate-onde-vai-esta-febre\/#primaryimage"},"image":{"@id":"https:\/\/cervejaemalte.com.br\/blog\/ate-onde-vai-esta-febre\/#primaryimage"},"thumbnailUrl":"https:\/\/cervejaemalte.com.br\/wp-content\/uploads\/2015\/04\/shutterstock_135412181-1.jpg","datePublished":"2015-04-23T18:23:53+00:00","author":{"@id":"https:\/\/cervejaemalte.com.br\/#\/schema\/person\/f1cb569af4c641c9da3a7dc2147a1ab8"},"breadcrumb":{"@id":"https:\/\/cervejaemalte.com.br\/blog\/ate-onde-vai-esta-febre\/#breadcrumb"},"inLanguage":"es","potentialAction":[{"@type":"ReadAction","target":["https:\/\/cervejaemalte.com.br\/blog\/ate-onde-vai-esta-febre\/"]}]},{"@type":"ImageObject","inLanguage":"es","@id":"https:\/\/cervejaemalte.com.br\/blog\/ate-onde-vai-esta-febre\/#primaryimage","url":"https:\/\/cervejaemalte.com.br\/wp-content\/uploads\/2015\/04\/shutterstock_135412181-1.jpg","contentUrl":"https:\/\/cervejaemalte.com.br\/wp-content\/uploads\/2015\/04\/shutterstock_135412181-1.jpg","width":1348,"height":899},{"@type":"BreadcrumbList","@id":"https:\/\/cervejaemalte.com.br\/blog\/ate-onde-vai-esta-febre\/#breadcrumb","itemListElement":[{"@type":"ListItem","position":1,"name":"In\u00edcio","item":"https:\/\/cervejaemalte.com.br\/"},{"@type":"ListItem","position":2,"name":"At\u00e9 onde vai esta febre?"}]},{"@type":"WebSite","@id":"https:\/\/cervejaemalte.com.br\/#website","url":"https:\/\/cervejaemalte.com.br\/","name":"Cerveja e Malte","description":"","potentialAction":[{"@type":"SearchAction","target":{"@type":"EntryPoint","urlTemplate":"https:\/\/cervejaemalte.com.br\/?s={search_term_string}"},"query-input":{"@type":"PropertyValueSpecification","valueRequired":true,"valueName":"search_term_string"}}],"inLanguage":"es"},{"@type":"Person","@id":"https:\/\/cervejaemalte.com.br\/#\/schema\/person\/f1cb569af4c641c9da3a7dc2147a1ab8","name":"vwwebmaster","image":{"@type":"ImageObject","inLanguage":"es","@id":"https:\/\/cervejaemalte.com.br\/#\/schema\/person\/image\/","url":"https:\/\/secure.gravatar.com\/avatar\/d5d9325311fe1f45c9d73ca30379f21ef2aa3dfaad2b297a1bb7a49062185564?s=96&d=mm&r=g","contentUrl":"https:\/\/secure.gravatar.com\/avatar\/d5d9325311fe1f45c9d73ca30379f21ef2aa3dfaad2b297a1bb7a49062185564?s=96&d=mm&r=g","caption":"vwwebmaster"},"sameAs":["https:\/\/www.cervejaemalte.com.br\/blog2021"],"url":"https:\/\/cervejaemalte.com.br\/es\/blog\/author\/vwwebmaster\/"}]}},"_links":{"self":[{"href":"https:\/\/cervejaemalte.com.br\/es\/wp-json\/wp\/v2\/posts\/593","targetHints":{"allow":["GET"]}}],"collection":[{"href":"https:\/\/cervejaemalte.com.br\/es\/wp-json\/wp\/v2\/posts"}],"about":[{"href":"https:\/\/cervejaemalte.com.br\/es\/wp-json\/wp\/v2\/types\/post"}],"author":[{"embeddable":true,"href":"https:\/\/cervejaemalte.com.br\/es\/wp-json\/wp\/v2\/users\/1"}],"replies":[{"embeddable":true,"href":"https:\/\/cervejaemalte.com.br\/es\/wp-json\/wp\/v2\/comments?post=593"}],"version-history":[{"count":0,"href":"https:\/\/cervejaemalte.com.br\/es\/wp-json\/wp\/v2\/posts\/593\/revisions"}],"wp:featuredmedia":[{"embeddable":true,"href":"https:\/\/cervejaemalte.com.br\/es\/wp-json\/wp\/v2\/media\/594"}],"wp:attachment":[{"href":"https:\/\/cervejaemalte.com.br\/es\/wp-json\/wp\/v2\/media?parent=593"}],"wp:term":[{"taxonomy":"category","embeddable":true,"href":"https:\/\/cervejaemalte.com.br\/es\/wp-json\/wp\/v2\/categories?post=593"},{"taxonomy":"post_tag","embeddable":true,"href":"https:\/\/cervejaemalte.com.br\/es\/wp-json\/wp\/v2\/tags?post=593"}],"curies":[{"name":"wp","href":"https:\/\/api.w.org\/{rel}","templated":true}]}}