{"id":454,"date":"2014-12-08T00:10:13","date_gmt":"2014-12-08T03:10:13","guid":{"rendered":"https:\/\/www.cervejaemalte.com.br\/blog\/?p=454"},"modified":"2014-12-08T00:10:13","modified_gmt":"2014-12-08T03:10:13","slug":"edicoes-especiais-de-cerveja-para-comemorar-e-saciar-fas","status":"publish","type":"post","link":"https:\/\/cervejaemalte.com.br\/es\/blog\/ediciones-especiales-de-cerveza-para-conmemorar-y-saciar-las-fascias\/","title":{"rendered":"Ediciones especiales de cerveza para celebrar y saciar a los aficionados"},"content":{"rendered":"<p>Si el<strong> publicidad<\/strong> es la savia de la empresa, el<strong> producto<\/strong> es el coraz\u00f3n de una empresa. Cuando se trata de cerveza, tenemos varias formas de<strong> diferenciar un producto<\/strong> a trav\u00e9s de sus caracter\u00edsticas, como la forma, el color, el sabor, la calidad, el estilo, la conformidad y la marca. Otros <strong>diferenciaci\u00f3n<\/strong> es crear una categor\u00eda de productos <em>Premium<\/em>con referencias a<strong> valor superior<\/strong> para el consumidor en t\u00e9rminos de alta calidad y exclusividad. Este <strong>estrategia de marketing<\/strong> est\u00e1 muy presente entre las cervecer\u00edas, que elaboran productos exclusivos en forma de ediciones especiales o especialidades. <em>Premium<\/em>. La diferencia no est\u00e1 en lo que <strong>consumidor<\/strong> ver, pero en el <strong>sensaciones<\/strong> que proporcionan estas bebidas.<\/p>\n<p>Estas cervezas se <strong>productos especializados<\/strong> debido a sus caracter\u00edsticas \u00fanicas o a su identificaci\u00f3n por el <strong>marca<\/strong> que son dif\u00edciles de copiar por los competidores y obligan al consumidor a hacer un esfuerzo adicional para adquirirlos. Este <strong>exclusividad<\/strong> en cerveza puede referirse a un <strong>fecha conmemorativa<\/strong>al igual que el <em>Cerveza Duff edici\u00f3n especial San Patricio<\/em> (patrona de Irlanda) y la cervecer\u00eda Goyaz con la <em>Colombina Goyana<\/em> en honor del 81\u00ba aniversario de la ciudad de Goi\u00e2nia. Tambi\u00e9n puede ser un <strong>serie limitada<\/strong>como el <em>Edici\u00f3n especial de Stella Artois<\/em> producido en 1366 o el <em>Edad de la madera<\/em>que se encuentra en su segunda serie, en la que participan <strong>versiones de cerveza<\/strong> envejecido en madera y gran potencial de envejecimiento.<\/p>\n<p>Otra forma es crear una edici\u00f3n especial con<strong> envases diferenciados<\/strong>como el <em>Budweiser Aluminio<\/em>. Pero si la intenci\u00f3n es llegar a un p\u00fablico concreto, puede crear un producto a\u00fan m\u00e1s espec\u00edfico para dirigirse a \u00e9l.<strong> ventiladores<\/strong>como la cerveza en honor a la banda <em>CA\/CC<\/em>producido por<em> Karlsberg<\/em> seg\u00fan el manifiesto del rock'n'roll de 1973, o la cerveza <em>El soldado<\/em> edici\u00f3n especial de la banda Iron Maiden, fabricada <em>Cervecer\u00eda Robinsons<\/em>. Con esta idea en mente <strong>exclusividad<\/strong>La agencia de publicidad J. Walter Thompson ha encargado una edici\u00f3n especial para celebrar su 150 aniversario en todo el mundo y 85 a\u00f1os de operaciones en Brasil, con una etiqueta que lleva su nombre, para brindar por sus clientes. <a rel=\"nofollow noopener\" href=\"https:\/\/www.youtube.com\/watch?v=tjFM8lRUm94&amp;feature=youtu.be&amp;aReclame\" target=\"_blank\">Compru\u00e9belo aqu\u00ed<\/a>.<\/p>\n<p>&nbsp;<\/p>\n<p>Texto de: Lu\u00eds Augusto Zillmer Cardoso<\/p>","protected":false},"excerpt":{"rendered":"<p>Si la publicidad es la savia de un negocio, el producto es el coraz\u00f3n de una empresa. En el caso de la cerveza, hay varias formas de diferenciar un producto a trav\u00e9s de sus caracter\u00edsticas, como la forma, el color, el sabor, la calidad, el estilo, la conformidad y la marca. Otra diferenciaci\u00f3n consiste en crear productos de categor\u00eda Premium, con referencias [...]<\/p>","protected":false},"author":1,"featured_media":459,"comment_status":"open","ping_status":"open","sticky":false,"template":"","format":"standard","meta":{"footnotes":""},"categories":[9,33],"tags":[163,109,164,110,165,84,105,103,166,167],"class_list":["post-454","post","type-post","status-publish","format-standard","has-post-thumbnail","hentry","category-cerveja-e-marketing","category-gestao-e-negocios","tag-bens-de-especialidade","tag-diferenciacao","tag-edicao-especial","tag-embalagem","tag-exclusividade","tag-marca","tag-premium","tag-produto","tag-serie-limitada","tag-versao"],"yoast_head":"<!-- This site is optimized with the Yoast SEO plugin v26.0 - https:\/\/yoast.com\/wordpress\/plugins\/seo\/ -->\n<title>Edi\u00e7\u00f5es especiais de cerveja para comemorar e saciar f\u00e3s - Cerveja e Malte<\/title>\n<meta name=\"robots\" content=\"index, follow, max-snippet:-1, max-image-preview:large, max-video-preview:-1\" \/>\n<link rel=\"canonical\" href=\"https:\/\/cervejaemalte.com.br\/es\/blog\/ediciones-especiales-de-cerveza-para-conmemorar-y-saciar-las-fascias\/\" \/>\n<meta property=\"og:locale\" content=\"es_ES\" \/>\n<meta property=\"og:type\" content=\"article\" \/>\n<meta property=\"og:title\" content=\"Edi\u00e7\u00f5es especiais de cerveja para comemorar e saciar f\u00e3s - Cerveja e Malte\" \/>\n<meta property=\"og:description\" content=\"Se a propaganda \u00e9 alma do neg\u00f3cio, o produto \u00e9 o cora\u00e7\u00e3o de uma empresa. Quando tratamos de cerveja, temos diversas formas de diferenciar um produto por meio de suas caracter\u00edsticas, tais como forma, cor, sabor, qualidade, estilo, conformidade e marca. Outra diferencia\u00e7\u00e3o consiste em criar produtos categoria Premium, com refer\u00eancias a um valor superior [&hellip;]\" \/>\n<meta property=\"og:url\" content=\"https:\/\/cervejaemalte.com.br\/es\/blog\/ediciones-especiales-de-cerveza-para-conmemorar-y-saciar-las-fascias\/\" \/>\n<meta property=\"og:site_name\" content=\"Cerveja e Malte\" \/>\n<meta property=\"article:published_time\" content=\"2014-12-08T03:10:13+00:00\" \/>\n<meta property=\"og:image\" content=\"https:\/\/cervejaemalte.com.br\/wp-content\/uploads\/2014\/12\/post-21-1.jpg\" \/>\n\t<meta property=\"og:image:width\" content=\"1295\" \/>\n\t<meta property=\"og:image:height\" content=\"437\" \/>\n\t<meta property=\"og:image:type\" content=\"image\/jpeg\" \/>\n<meta name=\"author\" content=\"vwwebmaster\" \/>\n<meta name=\"twitter:card\" content=\"summary_large_image\" \/>\n<meta name=\"twitter:label1\" content=\"Escrito por\" \/>\n\t<meta name=\"twitter:data1\" content=\"vwwebmaster\" \/>\n\t<meta name=\"twitter:label2\" content=\"Tiempo de lectura\" \/>\n\t<meta name=\"twitter:data2\" content=\"2 minutos\" \/>\n<script type=\"application\/ld+json\" class=\"yoast-schema-graph\">{\"@context\":\"https:\/\/schema.org\",\"@graph\":[{\"@type\":\"WebPage\",\"@id\":\"https:\/\/cervejaemalte.com.br\/blog\/edicoes-especiais-de-cerveja-para-comemorar-e-saciar-fas\/\",\"url\":\"https:\/\/cervejaemalte.com.br\/blog\/edicoes-especiais-de-cerveja-para-comemorar-e-saciar-fas\/\",\"name\":\"Edi\u00e7\u00f5es especiais de cerveja para comemorar e saciar f\u00e3s - Cerveja e Malte\",\"isPartOf\":{\"@id\":\"https:\/\/cervejaemalte.com.br\/#website\"},\"primaryImageOfPage\":{\"@id\":\"https:\/\/cervejaemalte.com.br\/blog\/edicoes-especiais-de-cerveja-para-comemorar-e-saciar-fas\/#primaryimage\"},\"image\":{\"@id\":\"https:\/\/cervejaemalte.com.br\/blog\/edicoes-especiais-de-cerveja-para-comemorar-e-saciar-fas\/#primaryimage\"},\"thumbnailUrl\":\"https:\/\/cervejaemalte.com.br\/wp-content\/uploads\/2014\/12\/post-21-1.jpg\",\"datePublished\":\"2014-12-08T03:10:13+00:00\",\"author\":{\"@id\":\"https:\/\/cervejaemalte.com.br\/#\/schema\/person\/f1cb569af4c641c9da3a7dc2147a1ab8\"},\"breadcrumb\":{\"@id\":\"https:\/\/cervejaemalte.com.br\/blog\/edicoes-especiais-de-cerveja-para-comemorar-e-saciar-fas\/#breadcrumb\"},\"inLanguage\":\"es\",\"potentialAction\":[{\"@type\":\"ReadAction\",\"target\":[\"https:\/\/cervejaemalte.com.br\/blog\/edicoes-especiais-de-cerveja-para-comemorar-e-saciar-fas\/\"]}]},{\"@type\":\"ImageObject\",\"inLanguage\":\"es\",\"@id\":\"https:\/\/cervejaemalte.com.br\/blog\/edicoes-especiais-de-cerveja-para-comemorar-e-saciar-fas\/#primaryimage\",\"url\":\"https:\/\/cervejaemalte.com.br\/wp-content\/uploads\/2014\/12\/post-21-1.jpg\",\"contentUrl\":\"https:\/\/cervejaemalte.com.br\/wp-content\/uploads\/2014\/12\/post-21-1.jpg\",\"width\":1295,\"height\":437},{\"@type\":\"BreadcrumbList\",\"@id\":\"https:\/\/cervejaemalte.com.br\/blog\/edicoes-especiais-de-cerveja-para-comemorar-e-saciar-fas\/#breadcrumb\",\"itemListElement\":[{\"@type\":\"ListItem\",\"position\":1,\"name\":\"In\u00edcio\",\"item\":\"https:\/\/cervejaemalte.com.br\/\"},{\"@type\":\"ListItem\",\"position\":2,\"name\":\"Edi\u00e7\u00f5es especiais de cerveja para comemorar e saciar f\u00e3s\"}]},{\"@type\":\"WebSite\",\"@id\":\"https:\/\/cervejaemalte.com.br\/#website\",\"url\":\"https:\/\/cervejaemalte.com.br\/\",\"name\":\"Cerveja e Malte\",\"description\":\"\",\"potentialAction\":[{\"@type\":\"SearchAction\",\"target\":{\"@type\":\"EntryPoint\",\"urlTemplate\":\"https:\/\/cervejaemalte.com.br\/?s={search_term_string}\"},\"query-input\":{\"@type\":\"PropertyValueSpecification\",\"valueRequired\":true,\"valueName\":\"search_term_string\"}}],\"inLanguage\":\"es\"},{\"@type\":\"Person\",\"@id\":\"https:\/\/cervejaemalte.com.br\/#\/schema\/person\/f1cb569af4c641c9da3a7dc2147a1ab8\",\"name\":\"vwwebmaster\",\"image\":{\"@type\":\"ImageObject\",\"inLanguage\":\"es\",\"@id\":\"https:\/\/cervejaemalte.com.br\/#\/schema\/person\/image\/\",\"url\":\"https:\/\/secure.gravatar.com\/avatar\/d5d9325311fe1f45c9d73ca30379f21ef2aa3dfaad2b297a1bb7a49062185564?s=96&d=mm&r=g\",\"contentUrl\":\"https:\/\/secure.gravatar.com\/avatar\/d5d9325311fe1f45c9d73ca30379f21ef2aa3dfaad2b297a1bb7a49062185564?s=96&d=mm&r=g\",\"caption\":\"vwwebmaster\"},\"sameAs\":[\"https:\/\/www.cervejaemalte.com.br\/blog2021\"],\"url\":\"https:\/\/cervejaemalte.com.br\/es\/blog\/author\/vwwebmaster\/\"}]}<\/script>\n<!-- \/ Yoast SEO plugin. -->","yoast_head_json":{"title":"Edi\u00e7\u00f5es especiais de cerveja para comemorar e saciar f\u00e3s - Cerveja e Malte","robots":{"index":"index","follow":"follow","max-snippet":"max-snippet:-1","max-image-preview":"max-image-preview:large","max-video-preview":"max-video-preview:-1"},"canonical":"https:\/\/cervejaemalte.com.br\/es\/blog\/ediciones-especiales-de-cerveza-para-conmemorar-y-saciar-las-fascias\/","og_locale":"es_ES","og_type":"article","og_title":"Edi\u00e7\u00f5es especiais de cerveja para comemorar e saciar f\u00e3s - Cerveja e Malte","og_description":"Se a propaganda \u00e9 alma do neg\u00f3cio, o produto \u00e9 o cora\u00e7\u00e3o de uma empresa. Quando tratamos de cerveja, temos diversas formas de diferenciar um produto por meio de suas caracter\u00edsticas, tais como forma, cor, sabor, qualidade, estilo, conformidade e marca. Outra diferencia\u00e7\u00e3o consiste em criar produtos categoria Premium, com refer\u00eancias a um valor superior [&hellip;]","og_url":"https:\/\/cervejaemalte.com.br\/es\/blog\/ediciones-especiales-de-cerveza-para-conmemorar-y-saciar-las-fascias\/","og_site_name":"Cerveja e Malte","article_published_time":"2014-12-08T03:10:13+00:00","og_image":[{"width":1295,"height":437,"url":"https:\/\/cervejaemalte.com.br\/wp-content\/uploads\/2014\/12\/post-21-1.jpg","type":"image\/jpeg"}],"author":"vwwebmaster","twitter_card":"summary_large_image","twitter_misc":{"Escrito por":"vwwebmaster","Tiempo de lectura":"2 minutos"},"schema":{"@context":"https:\/\/schema.org","@graph":[{"@type":"WebPage","@id":"https:\/\/cervejaemalte.com.br\/blog\/edicoes-especiais-de-cerveja-para-comemorar-e-saciar-fas\/","url":"https:\/\/cervejaemalte.com.br\/blog\/edicoes-especiais-de-cerveja-para-comemorar-e-saciar-fas\/","name":"Edi\u00e7\u00f5es especiais de cerveja para comemorar e saciar f\u00e3s - Cerveja e Malte","isPartOf":{"@id":"https:\/\/cervejaemalte.com.br\/#website"},"primaryImageOfPage":{"@id":"https:\/\/cervejaemalte.com.br\/blog\/edicoes-especiais-de-cerveja-para-comemorar-e-saciar-fas\/#primaryimage"},"image":{"@id":"https:\/\/cervejaemalte.com.br\/blog\/edicoes-especiais-de-cerveja-para-comemorar-e-saciar-fas\/#primaryimage"},"thumbnailUrl":"https:\/\/cervejaemalte.com.br\/wp-content\/uploads\/2014\/12\/post-21-1.jpg","datePublished":"2014-12-08T03:10:13+00:00","author":{"@id":"https:\/\/cervejaemalte.com.br\/#\/schema\/person\/f1cb569af4c641c9da3a7dc2147a1ab8"},"breadcrumb":{"@id":"https:\/\/cervejaemalte.com.br\/blog\/edicoes-especiais-de-cerveja-para-comemorar-e-saciar-fas\/#breadcrumb"},"inLanguage":"es","potentialAction":[{"@type":"ReadAction","target":["https:\/\/cervejaemalte.com.br\/blog\/edicoes-especiais-de-cerveja-para-comemorar-e-saciar-fas\/"]}]},{"@type":"ImageObject","inLanguage":"es","@id":"https:\/\/cervejaemalte.com.br\/blog\/edicoes-especiais-de-cerveja-para-comemorar-e-saciar-fas\/#primaryimage","url":"https:\/\/cervejaemalte.com.br\/wp-content\/uploads\/2014\/12\/post-21-1.jpg","contentUrl":"https:\/\/cervejaemalte.com.br\/wp-content\/uploads\/2014\/12\/post-21-1.jpg","width":1295,"height":437},{"@type":"BreadcrumbList","@id":"https:\/\/cervejaemalte.com.br\/blog\/edicoes-especiais-de-cerveja-para-comemorar-e-saciar-fas\/#breadcrumb","itemListElement":[{"@type":"ListItem","position":1,"name":"In\u00edcio","item":"https:\/\/cervejaemalte.com.br\/"},{"@type":"ListItem","position":2,"name":"Edi\u00e7\u00f5es especiais de cerveja para comemorar e saciar f\u00e3s"}]},{"@type":"WebSite","@id":"https:\/\/cervejaemalte.com.br\/#website","url":"https:\/\/cervejaemalte.com.br\/","name":"Cerveja e Malte","description":"","potentialAction":[{"@type":"SearchAction","target":{"@type":"EntryPoint","urlTemplate":"https:\/\/cervejaemalte.com.br\/?s={search_term_string}"},"query-input":{"@type":"PropertyValueSpecification","valueRequired":true,"valueName":"search_term_string"}}],"inLanguage":"es"},{"@type":"Person","@id":"https:\/\/cervejaemalte.com.br\/#\/schema\/person\/f1cb569af4c641c9da3a7dc2147a1ab8","name":"vwwebmaster","image":{"@type":"ImageObject","inLanguage":"es","@id":"https:\/\/cervejaemalte.com.br\/#\/schema\/person\/image\/","url":"https:\/\/secure.gravatar.com\/avatar\/d5d9325311fe1f45c9d73ca30379f21ef2aa3dfaad2b297a1bb7a49062185564?s=96&d=mm&r=g","contentUrl":"https:\/\/secure.gravatar.com\/avatar\/d5d9325311fe1f45c9d73ca30379f21ef2aa3dfaad2b297a1bb7a49062185564?s=96&d=mm&r=g","caption":"vwwebmaster"},"sameAs":["https:\/\/www.cervejaemalte.com.br\/blog2021"],"url":"https:\/\/cervejaemalte.com.br\/es\/blog\/author\/vwwebmaster\/"}]}},"_links":{"self":[{"href":"https:\/\/cervejaemalte.com.br\/es\/wp-json\/wp\/v2\/posts\/454","targetHints":{"allow":["GET"]}}],"collection":[{"href":"https:\/\/cervejaemalte.com.br\/es\/wp-json\/wp\/v2\/posts"}],"about":[{"href":"https:\/\/cervejaemalte.com.br\/es\/wp-json\/wp\/v2\/types\/post"}],"author":[{"embeddable":true,"href":"https:\/\/cervejaemalte.com.br\/es\/wp-json\/wp\/v2\/users\/1"}],"replies":[{"embeddable":true,"href":"https:\/\/cervejaemalte.com.br\/es\/wp-json\/wp\/v2\/comments?post=454"}],"version-history":[{"count":0,"href":"https:\/\/cervejaemalte.com.br\/es\/wp-json\/wp\/v2\/posts\/454\/revisions"}],"wp:featuredmedia":[{"embeddable":true,"href":"https:\/\/cervejaemalte.com.br\/es\/wp-json\/wp\/v2\/media\/459"}],"wp:attachment":[{"href":"https:\/\/cervejaemalte.com.br\/es\/wp-json\/wp\/v2\/media?parent=454"}],"wp:term":[{"taxonomy":"category","embeddable":true,"href":"https:\/\/cervejaemalte.com.br\/es\/wp-json\/wp\/v2\/categories?post=454"},{"taxonomy":"post_tag","embeddable":true,"href":"https:\/\/cervejaemalte.com.br\/es\/wp-json\/wp\/v2\/tags?post=454"}],"curies":[{"name":"wp","href":"https:\/\/api.w.org\/{rel}","templated":true}]}}