{"id":1188,"date":"2018-06-22T16:53:45","date_gmt":"2018-06-22T19:53:45","guid":{"rendered":"https:\/\/www.cervejaemalte.com.br\/blog\/?p=1188"},"modified":"2024-10-10T10:20:57","modified_gmt":"2024-10-10T13:20:57","slug":"primeira-feira-do-cervejeiro-caseiro","status":"publish","type":"post","link":"https:\/\/cervejaemalte.com.br\/es\/blog\/1fiesta-del-cervecero-casero\/","title":{"rendered":"1\u00aa Feria del Cervecero Casero"},"content":{"rendered":"<p><strong>La 1\u00aa Feria del Cervecero Casero fue un \u00e9xito<\/strong>\u00a1! Recibimos un total de 294 visitantes, en su mayor\u00eda de Santa Catarina, pero tambi\u00e9n de los estados de Paran\u00e1, Rio Grande do Sul, S\u00e3o Paulo e incluso visitantes internacionales. Hubo 13 expositores de equipos, 1 expositor de insumos y 3 cervecer\u00edas, adem\u00e1s de 3 conferencias con m\u00e1s de 150 participantes.<\/p>\n<h3>Expositores de equipos<\/h3>\n<ul>\n<li>Blubiertec<\/li>\n<li>Filtros Marwilt<\/li>\n<li>Filtrotec Equipamentos Industriais Ltda<\/li>\n<li>Imperial Eletrometal\u00fargica<\/li>\n<li>Acero inoxidable Brasil<\/li>\n<li>Metaltran Metal\u00fargica<\/li>\n<li>Paragone<\/li>\n<li>Provolt Tecnolog\u00eda Electr\u00f3nica LTDA<\/li>\n<li>Resistencias RG<\/li>\n<li>Samrello<\/li>\n<li>Sello<\/li>\n<li>RUX<\/li>\n<li>Transformadores Vale<\/li>\n<\/ul>\n<h3>Expositores de entrada<\/h3>\n<ul>\n<li>Maltas catarinenses<\/li>\n<\/ul>\n<h3>Cervecer\u00edas:<\/h3>\n<ul>\n<li>Valle del L\u00fapulo<\/li>\n<li>Imperio cervecero<\/li>\n<li>Pomerode Brauer Gesch\u00e4ft<\/li>\n<\/ul>\n<h3>Porcentaje de visitantes por sitio:<\/h3>\n<ul>\n<li>Santa Catarina - 82%<\/li>\n<li>Paran\u00e1 - 10%<\/li>\n<li>Internacional - 5%<\/li>\n<li>Rio Grande do Sul - 2%<\/li>\n<li>S\u00e3o Paulo - 1%<\/li>\n<\/ul>\n<h3>Conferencias:<\/h3>\n<ul>\n<li>Producci\u00f3n de cervezas \u00e1cidas mediante acidificaci\u00f3n del mosto<br \/>\nOrador: Marcos Odebrecht Jr.<\/li>\n<li>Cerveza en la olla: c\u00f3mo optimizar sus procesos<br \/>\nPonente: Jo\u00e3o Sperb<\/li>\n<li>Equipamiento para cerveceros caseros<br \/>\nPonente: Walter Borelli<\/li>\n<\/ul>\n<p><strong>Gracias a todos los que participaron e hicieron posible este acontecimiento, \u00a1hasta la pr\u00f3xima!\u00a0<\/strong><\/p>","protected":false},"excerpt":{"rendered":"<p>\u00a1La 1\u00aa Feria de Cerveceros Caseros fue un \u00e9xito! Recibimos un total de 294 visitantes, la mayor\u00eda de Santa Catarina, pero tambi\u00e9n de los estados de Paran\u00e1, Rio Grande do Sul, S\u00e3o Paulo e incluso visitantes internacionales. Hubo 13 expositores de equipamientos, 1 expositor de insumos y 3 brew shops, adem\u00e1s de 3 charlas que [...]<\/p>","protected":false},"author":1,"featured_media":1193,"comment_status":"open","ping_status":"open","sticky":false,"template":"","format":"standard","meta":{"footnotes":""},"categories":[23,12,43],"tags":[26,22,99,14,93,15,108,312,24,97,45,119,313],"class_list":["post-1188","post","type-post","status-publish","format-standard","has-post-thumbnail","hentry","category-cerveja-caseira","category-novidades","category-producao-de-cerveja","tag-cerveja","tag-cerveja-artesanal","tag-cerveja-caseira-2","tag-cerveja-e-malte","tag-cervejeiro-caseiro","tag-escm","tag-escola-superior-de-cerveja-e-malte","tag-feira-do-cervejeiro-caseiro","tag-homebrewer","tag-producao","tag-producao-de-cerveja-2","tag-producao-de-cerveja-artesanal","tag-simmmeb"],"yoast_head":"<!-- This site is optimized with the Yoast SEO plugin v26.0 - https:\/\/yoast.com\/wordpress\/plugins\/seo\/ -->\n<title>Resumo da 1\u00aa Feira do Cervejeiro Caseiro - ESCM<\/title>\n<meta name=\"description\" content=\"A 1\u00aa Feira do Cervejeiro Caseiro uma parceria entre a ESCM e o SIMMMEB foi um sucesso! D\u00e1 uma olhada no resumo geral do evento.\" \/>\n<meta name=\"robots\" content=\"index, follow, max-snippet:-1, max-image-preview:large, max-video-preview:-1\" \/>\n<link rel=\"canonical\" href=\"https:\/\/cervejaemalte.com.br\/es\/blog\/1fiesta-del-cervecero-casero\/\" \/>\n<meta property=\"og:locale\" content=\"es_ES\" \/>\n<meta property=\"og:type\" content=\"article\" \/>\n<meta property=\"og:title\" content=\"Resumo da 1\u00aa Feira do Cervejeiro Caseiro - ESCM\" \/>\n<meta property=\"og:description\" content=\"A 1\u00aa Feira do Cervejeiro Caseiro uma parceria entre a ESCM e o SIMMMEB foi um sucesso! D\u00e1 uma olhada no resumo geral do evento.\" \/>\n<meta property=\"og:url\" content=\"https:\/\/cervejaemalte.com.br\/es\/blog\/1fiesta-del-cervecero-casero\/\" \/>\n<meta property=\"og:site_name\" content=\"Cerveja e Malte\" \/>\n<meta property=\"article:published_time\" content=\"2018-06-22T19:53:45+00:00\" \/>\n<meta property=\"article:modified_time\" content=\"2024-10-10T13:20:57+00:00\" \/>\n<meta property=\"og:image\" content=\"https:\/\/cervejaemalte.com.br\/wp-content\/uploads\/2018\/06\/BLOG-1.png\" \/>\n\t<meta property=\"og:image:width\" content=\"2667\" \/>\n\t<meta property=\"og:image:height\" content=\"1779\" \/>\n\t<meta property=\"og:image:type\" content=\"image\/png\" \/>\n<meta name=\"author\" content=\"vwwebmaster\" \/>\n<meta name=\"twitter:card\" content=\"summary_large_image\" \/>\n<meta name=\"twitter:label1\" content=\"Escrito por\" \/>\n\t<meta name=\"twitter:data1\" content=\"vwwebmaster\" \/>\n\t<meta name=\"twitter:label2\" content=\"Tiempo de lectura\" \/>\n\t<meta name=\"twitter:data2\" content=\"1 minuto\" \/>\n<script type=\"application\/ld+json\" class=\"yoast-schema-graph\">{\"@context\":\"https:\/\/schema.org\",\"@graph\":[{\"@type\":\"WebPage\",\"@id\":\"https:\/\/cervejaemalte.com.br\/blog\/primeira-feira-do-cervejeiro-caseiro\/\",\"url\":\"https:\/\/cervejaemalte.com.br\/blog\/primeira-feira-do-cervejeiro-caseiro\/\",\"name\":\"Resumo da 1\u00aa Feira do Cervejeiro Caseiro - ESCM\",\"isPartOf\":{\"@id\":\"https:\/\/cervejaemalte.com.br\/#website\"},\"primaryImageOfPage\":{\"@id\":\"https:\/\/cervejaemalte.com.br\/blog\/primeira-feira-do-cervejeiro-caseiro\/#primaryimage\"},\"image\":{\"@id\":\"https:\/\/cervejaemalte.com.br\/blog\/primeira-feira-do-cervejeiro-caseiro\/#primaryimage\"},\"thumbnailUrl\":\"https:\/\/cervejaemalte.com.br\/wp-content\/uploads\/2018\/06\/BLOG-1.png\",\"datePublished\":\"2018-06-22T19:53:45+00:00\",\"dateModified\":\"2024-10-10T13:20:57+00:00\",\"author\":{\"@id\":\"https:\/\/cervejaemalte.com.br\/#\/schema\/person\/f1cb569af4c641c9da3a7dc2147a1ab8\"},\"description\":\"A 1\u00aa Feira do Cervejeiro Caseiro uma parceria entre a ESCM e o SIMMMEB foi um sucesso! D\u00e1 uma olhada no resumo geral do evento.\",\"breadcrumb\":{\"@id\":\"https:\/\/cervejaemalte.com.br\/blog\/primeira-feira-do-cervejeiro-caseiro\/#breadcrumb\"},\"inLanguage\":\"es\",\"potentialAction\":[{\"@type\":\"ReadAction\",\"target\":[\"https:\/\/cervejaemalte.com.br\/blog\/primeira-feira-do-cervejeiro-caseiro\/\"]}]},{\"@type\":\"ImageObject\",\"inLanguage\":\"es\",\"@id\":\"https:\/\/cervejaemalte.com.br\/blog\/primeira-feira-do-cervejeiro-caseiro\/#primaryimage\",\"url\":\"https:\/\/cervejaemalte.com.br\/wp-content\/uploads\/2018\/06\/BLOG-1.png\",\"contentUrl\":\"https:\/\/cervejaemalte.com.br\/wp-content\/uploads\/2018\/06\/BLOG-1.png\",\"width\":2667,\"height\":1779,\"caption\":\"banner 1\u00aa feira do cervejeiro caseiro\"},{\"@type\":\"BreadcrumbList\",\"@id\":\"https:\/\/cervejaemalte.com.br\/blog\/primeira-feira-do-cervejeiro-caseiro\/#breadcrumb\",\"itemListElement\":[{\"@type\":\"ListItem\",\"position\":1,\"name\":\"In\u00edcio\",\"item\":\"https:\/\/cervejaemalte.com.br\/\"},{\"@type\":\"ListItem\",\"position\":2,\"name\":\"1\u00aa Feira do Cervejeiro Caseiro\"}]},{\"@type\":\"WebSite\",\"@id\":\"https:\/\/cervejaemalte.com.br\/#website\",\"url\":\"https:\/\/cervejaemalte.com.br\/\",\"name\":\"Cerveja e Malte\",\"description\":\"\",\"potentialAction\":[{\"@type\":\"SearchAction\",\"target\":{\"@type\":\"EntryPoint\",\"urlTemplate\":\"https:\/\/cervejaemalte.com.br\/?s={search_term_string}\"},\"query-input\":{\"@type\":\"PropertyValueSpecification\",\"valueRequired\":true,\"valueName\":\"search_term_string\"}}],\"inLanguage\":\"es\"},{\"@type\":\"Person\",\"@id\":\"https:\/\/cervejaemalte.com.br\/#\/schema\/person\/f1cb569af4c641c9da3a7dc2147a1ab8\",\"name\":\"vwwebmaster\",\"image\":{\"@type\":\"ImageObject\",\"inLanguage\":\"es\",\"@id\":\"https:\/\/cervejaemalte.com.br\/#\/schema\/person\/image\/\",\"url\":\"https:\/\/secure.gravatar.com\/avatar\/d5d9325311fe1f45c9d73ca30379f21ef2aa3dfaad2b297a1bb7a49062185564?s=96&d=mm&r=g\",\"contentUrl\":\"https:\/\/secure.gravatar.com\/avatar\/d5d9325311fe1f45c9d73ca30379f21ef2aa3dfaad2b297a1bb7a49062185564?s=96&d=mm&r=g\",\"caption\":\"vwwebmaster\"},\"sameAs\":[\"https:\/\/www.cervejaemalte.com.br\/blog2021\"],\"url\":\"https:\/\/cervejaemalte.com.br\/es\/blog\/author\/vwwebmaster\/\"}]}<\/script>\n<!-- \/ Yoast SEO plugin. -->","yoast_head_json":{"title":"Resumo da 1\u00aa Feira do Cervejeiro Caseiro - ESCM","description":"A 1\u00aa Feira do Cervejeiro Caseiro uma parceria entre a ESCM e o SIMMMEB foi um sucesso! D\u00e1 uma olhada no resumo geral do evento.","robots":{"index":"index","follow":"follow","max-snippet":"max-snippet:-1","max-image-preview":"max-image-preview:large","max-video-preview":"max-video-preview:-1"},"canonical":"https:\/\/cervejaemalte.com.br\/es\/blog\/1fiesta-del-cervecero-casero\/","og_locale":"es_ES","og_type":"article","og_title":"Resumo da 1\u00aa Feira do Cervejeiro Caseiro - ESCM","og_description":"A 1\u00aa Feira do Cervejeiro Caseiro uma parceria entre a ESCM e o SIMMMEB foi um sucesso! D\u00e1 uma olhada no resumo geral do evento.","og_url":"https:\/\/cervejaemalte.com.br\/es\/blog\/1fiesta-del-cervecero-casero\/","og_site_name":"Cerveja e Malte","article_published_time":"2018-06-22T19:53:45+00:00","article_modified_time":"2024-10-10T13:20:57+00:00","og_image":[{"width":2667,"height":1779,"url":"https:\/\/cervejaemalte.com.br\/wp-content\/uploads\/2018\/06\/BLOG-1.png","type":"image\/png"}],"author":"vwwebmaster","twitter_card":"summary_large_image","twitter_misc":{"Escrito por":"vwwebmaster","Tiempo de lectura":"1 minuto"},"schema":{"@context":"https:\/\/schema.org","@graph":[{"@type":"WebPage","@id":"https:\/\/cervejaemalte.com.br\/blog\/primeira-feira-do-cervejeiro-caseiro\/","url":"https:\/\/cervejaemalte.com.br\/blog\/primeira-feira-do-cervejeiro-caseiro\/","name":"Resumo da 1\u00aa Feira do Cervejeiro Caseiro - ESCM","isPartOf":{"@id":"https:\/\/cervejaemalte.com.br\/#website"},"primaryImageOfPage":{"@id":"https:\/\/cervejaemalte.com.br\/blog\/primeira-feira-do-cervejeiro-caseiro\/#primaryimage"},"image":{"@id":"https:\/\/cervejaemalte.com.br\/blog\/primeira-feira-do-cervejeiro-caseiro\/#primaryimage"},"thumbnailUrl":"https:\/\/cervejaemalte.com.br\/wp-content\/uploads\/2018\/06\/BLOG-1.png","datePublished":"2018-06-22T19:53:45+00:00","dateModified":"2024-10-10T13:20:57+00:00","author":{"@id":"https:\/\/cervejaemalte.com.br\/#\/schema\/person\/f1cb569af4c641c9da3a7dc2147a1ab8"},"description":"A 1\u00aa Feira do Cervejeiro Caseiro uma parceria entre a ESCM e o SIMMMEB foi um sucesso! D\u00e1 uma olhada no resumo geral do evento.","breadcrumb":{"@id":"https:\/\/cervejaemalte.com.br\/blog\/primeira-feira-do-cervejeiro-caseiro\/#breadcrumb"},"inLanguage":"es","potentialAction":[{"@type":"ReadAction","target":["https:\/\/cervejaemalte.com.br\/blog\/primeira-feira-do-cervejeiro-caseiro\/"]}]},{"@type":"ImageObject","inLanguage":"es","@id":"https:\/\/cervejaemalte.com.br\/blog\/primeira-feira-do-cervejeiro-caseiro\/#primaryimage","url":"https:\/\/cervejaemalte.com.br\/wp-content\/uploads\/2018\/06\/BLOG-1.png","contentUrl":"https:\/\/cervejaemalte.com.br\/wp-content\/uploads\/2018\/06\/BLOG-1.png","width":2667,"height":1779,"caption":"banner 1\u00aa feira do cervejeiro caseiro"},{"@type":"BreadcrumbList","@id":"https:\/\/cervejaemalte.com.br\/blog\/primeira-feira-do-cervejeiro-caseiro\/#breadcrumb","itemListElement":[{"@type":"ListItem","position":1,"name":"In\u00edcio","item":"https:\/\/cervejaemalte.com.br\/"},{"@type":"ListItem","position":2,"name":"1\u00aa Feira do Cervejeiro Caseiro"}]},{"@type":"WebSite","@id":"https:\/\/cervejaemalte.com.br\/#website","url":"https:\/\/cervejaemalte.com.br\/","name":"Cerveja e Malte","description":"","potentialAction":[{"@type":"SearchAction","target":{"@type":"EntryPoint","urlTemplate":"https:\/\/cervejaemalte.com.br\/?s={search_term_string}"},"query-input":{"@type":"PropertyValueSpecification","valueRequired":true,"valueName":"search_term_string"}}],"inLanguage":"es"},{"@type":"Person","@id":"https:\/\/cervejaemalte.com.br\/#\/schema\/person\/f1cb569af4c641c9da3a7dc2147a1ab8","name":"vwwebmaster","image":{"@type":"ImageObject","inLanguage":"es","@id":"https:\/\/cervejaemalte.com.br\/#\/schema\/person\/image\/","url":"https:\/\/secure.gravatar.com\/avatar\/d5d9325311fe1f45c9d73ca30379f21ef2aa3dfaad2b297a1bb7a49062185564?s=96&d=mm&r=g","contentUrl":"https:\/\/secure.gravatar.com\/avatar\/d5d9325311fe1f45c9d73ca30379f21ef2aa3dfaad2b297a1bb7a49062185564?s=96&d=mm&r=g","caption":"vwwebmaster"},"sameAs":["https:\/\/www.cervejaemalte.com.br\/blog2021"],"url":"https:\/\/cervejaemalte.com.br\/es\/blog\/author\/vwwebmaster\/"}]}},"_links":{"self":[{"href":"https:\/\/cervejaemalte.com.br\/es\/wp-json\/wp\/v2\/posts\/1188","targetHints":{"allow":["GET"]}}],"collection":[{"href":"https:\/\/cervejaemalte.com.br\/es\/wp-json\/wp\/v2\/posts"}],"about":[{"href":"https:\/\/cervejaemalte.com.br\/es\/wp-json\/wp\/v2\/types\/post"}],"author":[{"embeddable":true,"href":"https:\/\/cervejaemalte.com.br\/es\/wp-json\/wp\/v2\/users\/1"}],"replies":[{"embeddable":true,"href":"https:\/\/cervejaemalte.com.br\/es\/wp-json\/wp\/v2\/comments?post=1188"}],"version-history":[{"count":1,"href":"https:\/\/cervejaemalte.com.br\/es\/wp-json\/wp\/v2\/posts\/1188\/revisions"}],"predecessor-version":[{"id":13412,"href":"https:\/\/cervejaemalte.com.br\/es\/wp-json\/wp\/v2\/posts\/1188\/revisions\/13412"}],"wp:featuredmedia":[{"embeddable":true,"href":"https:\/\/cervejaemalte.com.br\/es\/wp-json\/wp\/v2\/media\/1193"}],"wp:attachment":[{"href":"https:\/\/cervejaemalte.com.br\/es\/wp-json\/wp\/v2\/media?parent=1188"}],"wp:term":[{"taxonomy":"category","embeddable":true,"href":"https:\/\/cervejaemalte.com.br\/es\/wp-json\/wp\/v2\/categories?post=1188"},{"taxonomy":"post_tag","embeddable":true,"href":"https:\/\/cervejaemalte.com.br\/es\/wp-json\/wp\/v2\/tags?post=1188"}],"curies":[{"name":"wp","href":"https:\/\/api.w.org\/{rel}","templated":true}]}}