{"id":1140,"date":"2018-05-24T16:30:57","date_gmt":"2018-05-24T19:30:57","guid":{"rendered":"https:\/\/www.cervejaemalte.com.br\/blog\/?p=1140"},"modified":"2018-05-24T16:30:57","modified_gmt":"2018-05-24T19:30:57","slug":"comunicado-oficial","status":"publish","type":"post","link":"https:\/\/cervejaemalte.com.br\/es\/blog\/aviso-oficial\/","title":{"rendered":"DECLARACI\u00d3N OFICIAL"},"content":{"rendered":"<p>Aviso oficial<\/p>\n<p>Debido a los paros de los camioneros sin fecha de finalizaci\u00f3n, la consecuente escasez de combustible, la gran dificultad de circulaci\u00f3n en las carreteras, adem\u00e1s de la cancelaci\u00f3n de algunos vuelos, la Escola Superior de Cerveja e Malte cancela prudentemente las actividades de todos los cursos en Brasil este fin de semana (25 a 27 de mayo).<\/p>\n<p>Todas las clases ser\u00e1n compensadas posteriormente y cada clase recibir\u00e1 la informaci\u00f3n individualmente.<\/p>\n<p>Contamos con su comprensi\u00f3n.<\/p>","protected":false},"excerpt":{"rendered":"<p>Comunicado oficial Debido a los paros de camioneros que no se espera que terminen, la consiguiente escasez de combustible, las grandes dificultades de tr\u00e1fico en las carreteras, as\u00ed como la cancelaci\u00f3n de algunos vuelos, la Escola Superior de Cerveja e Malte est\u00e1 cancelando prudentemente las actividades de todos los cursos en Brasil este fin de semana (25 a 27 [...].<\/p>","protected":false},"author":1,"featured_media":1143,"comment_status":"open","ping_status":"open","sticky":false,"template":"","format":"standard","meta":{"footnotes":""},"categories":[44],"tags":[],"class_list":["post-1140","post","type-post","status-publish","format-standard","has-post-thumbnail","hentry","category-noticias"],"yoast_head":"<!-- This site is optimized with the Yoast SEO plugin v26.0 - https:\/\/yoast.com\/wordpress\/plugins\/seo\/ -->\n<title>COMUNICADO OFICIAL - Cerveja e Malte<\/title>\n<meta name=\"description\" content=\"Comunicado oficial: aulas canceladas em todo Brasil devido as paralisa\u00e7\u00f5es\" \/>\n<meta name=\"robots\" content=\"index, follow, max-snippet:-1, max-image-preview:large, max-video-preview:-1\" \/>\n<link rel=\"canonical\" href=\"https:\/\/cervejaemalte.com.br\/es\/blog\/aviso-oficial\/\" \/>\n<meta property=\"og:locale\" content=\"es_ES\" \/>\n<meta property=\"og:type\" content=\"article\" \/>\n<meta property=\"og:title\" content=\"COMUNICADO OFICIAL - Cerveja e Malte\" \/>\n<meta property=\"og:description\" content=\"Comunicado oficial: aulas canceladas em todo Brasil devido as paralisa\u00e7\u00f5es\" \/>\n<meta property=\"og:url\" content=\"https:\/\/cervejaemalte.com.br\/es\/blog\/aviso-oficial\/\" \/>\n<meta property=\"og:site_name\" content=\"Cerveja e Malte\" \/>\n<meta property=\"article:published_time\" content=\"2018-05-24T19:30:57+00:00\" \/>\n<meta property=\"og:image\" content=\"https:\/\/cervejaemalte.com.br\/wp-content\/uploads\/2018\/05\/blog-comunicado-1-1.png\" \/>\n\t<meta property=\"og:image:width\" content=\"630\" \/>\n\t<meta property=\"og:image:height\" content=\"390\" \/>\n\t<meta property=\"og:image:type\" content=\"image\/png\" \/>\n<meta name=\"author\" content=\"vwwebmaster\" \/>\n<meta name=\"twitter:card\" content=\"summary_large_image\" \/>\n<meta name=\"twitter:label1\" content=\"Escrito por\" \/>\n\t<meta name=\"twitter:data1\" content=\"vwwebmaster\" \/>\n<script type=\"application\/ld+json\" class=\"yoast-schema-graph\">{\"@context\":\"https:\/\/schema.org\",\"@graph\":[{\"@type\":\"WebPage\",\"@id\":\"https:\/\/cervejaemalte.com.br\/blog\/comunicado-oficial\/\",\"url\":\"https:\/\/cervejaemalte.com.br\/blog\/comunicado-oficial\/\",\"name\":\"COMUNICADO OFICIAL - Cerveja e Malte\",\"isPartOf\":{\"@id\":\"https:\/\/cervejaemalte.com.br\/#website\"},\"primaryImageOfPage\":{\"@id\":\"https:\/\/cervejaemalte.com.br\/blog\/comunicado-oficial\/#primaryimage\"},\"image\":{\"@id\":\"https:\/\/cervejaemalte.com.br\/blog\/comunicado-oficial\/#primaryimage\"},\"thumbnailUrl\":\"https:\/\/cervejaemalte.com.br\/wp-content\/uploads\/2018\/05\/blog-comunicado-1-1.png\",\"datePublished\":\"2018-05-24T19:30:57+00:00\",\"author\":{\"@id\":\"https:\/\/cervejaemalte.com.br\/#\/schema\/person\/f1cb569af4c641c9da3a7dc2147a1ab8\"},\"description\":\"Comunicado oficial: aulas canceladas em todo Brasil devido as paralisa\u00e7\u00f5es\",\"breadcrumb\":{\"@id\":\"https:\/\/cervejaemalte.com.br\/blog\/comunicado-oficial\/#breadcrumb\"},\"inLanguage\":\"es\",\"potentialAction\":[{\"@type\":\"ReadAction\",\"target\":[\"https:\/\/cervejaemalte.com.br\/blog\/comunicado-oficial\/\"]}]},{\"@type\":\"ImageObject\",\"inLanguage\":\"es\",\"@id\":\"https:\/\/cervejaemalte.com.br\/blog\/comunicado-oficial\/#primaryimage\",\"url\":\"https:\/\/cervejaemalte.com.br\/wp-content\/uploads\/2018\/05\/blog-comunicado-1-1.png\",\"contentUrl\":\"https:\/\/cervejaemalte.com.br\/wp-content\/uploads\/2018\/05\/blog-comunicado-1-1.png\",\"width\":630,\"height\":390},{\"@type\":\"BreadcrumbList\",\"@id\":\"https:\/\/cervejaemalte.com.br\/blog\/comunicado-oficial\/#breadcrumb\",\"itemListElement\":[{\"@type\":\"ListItem\",\"position\":1,\"name\":\"In\u00edcio\",\"item\":\"https:\/\/cervejaemalte.com.br\/\"},{\"@type\":\"ListItem\",\"position\":2,\"name\":\"COMUNICADO OFICIAL\"}]},{\"@type\":\"WebSite\",\"@id\":\"https:\/\/cervejaemalte.com.br\/#website\",\"url\":\"https:\/\/cervejaemalte.com.br\/\",\"name\":\"Cerveja e Malte\",\"description\":\"\",\"potentialAction\":[{\"@type\":\"SearchAction\",\"target\":{\"@type\":\"EntryPoint\",\"urlTemplate\":\"https:\/\/cervejaemalte.com.br\/?s={search_term_string}\"},\"query-input\":{\"@type\":\"PropertyValueSpecification\",\"valueRequired\":true,\"valueName\":\"search_term_string\"}}],\"inLanguage\":\"es\"},{\"@type\":\"Person\",\"@id\":\"https:\/\/cervejaemalte.com.br\/#\/schema\/person\/f1cb569af4c641c9da3a7dc2147a1ab8\",\"name\":\"vwwebmaster\",\"image\":{\"@type\":\"ImageObject\",\"inLanguage\":\"es\",\"@id\":\"https:\/\/cervejaemalte.com.br\/#\/schema\/person\/image\/\",\"url\":\"https:\/\/secure.gravatar.com\/avatar\/d5d9325311fe1f45c9d73ca30379f21ef2aa3dfaad2b297a1bb7a49062185564?s=96&d=mm&r=g\",\"contentUrl\":\"https:\/\/secure.gravatar.com\/avatar\/d5d9325311fe1f45c9d73ca30379f21ef2aa3dfaad2b297a1bb7a49062185564?s=96&d=mm&r=g\",\"caption\":\"vwwebmaster\"},\"sameAs\":[\"https:\/\/www.cervejaemalte.com.br\/blog2021\"],\"url\":\"https:\/\/cervejaemalte.com.br\/es\/blog\/author\/vwwebmaster\/\"}]}<\/script>\n<!-- \/ Yoast SEO plugin. -->","yoast_head_json":{"title":"COMUNICADO OFICIAL - Cerveja e Malte","description":"Comunicado oficial: aulas canceladas em todo Brasil devido as paralisa\u00e7\u00f5es","robots":{"index":"index","follow":"follow","max-snippet":"max-snippet:-1","max-image-preview":"max-image-preview:large","max-video-preview":"max-video-preview:-1"},"canonical":"https:\/\/cervejaemalte.com.br\/es\/blog\/aviso-oficial\/","og_locale":"es_ES","og_type":"article","og_title":"COMUNICADO OFICIAL - Cerveja e Malte","og_description":"Comunicado oficial: aulas canceladas em todo Brasil devido as paralisa\u00e7\u00f5es","og_url":"https:\/\/cervejaemalte.com.br\/es\/blog\/aviso-oficial\/","og_site_name":"Cerveja e Malte","article_published_time":"2018-05-24T19:30:57+00:00","og_image":[{"width":630,"height":390,"url":"https:\/\/cervejaemalte.com.br\/wp-content\/uploads\/2018\/05\/blog-comunicado-1-1.png","type":"image\/png"}],"author":"vwwebmaster","twitter_card":"summary_large_image","twitter_misc":{"Escrito por":"vwwebmaster"},"schema":{"@context":"https:\/\/schema.org","@graph":[{"@type":"WebPage","@id":"https:\/\/cervejaemalte.com.br\/blog\/comunicado-oficial\/","url":"https:\/\/cervejaemalte.com.br\/blog\/comunicado-oficial\/","name":"COMUNICADO OFICIAL - Cerveja e Malte","isPartOf":{"@id":"https:\/\/cervejaemalte.com.br\/#website"},"primaryImageOfPage":{"@id":"https:\/\/cervejaemalte.com.br\/blog\/comunicado-oficial\/#primaryimage"},"image":{"@id":"https:\/\/cervejaemalte.com.br\/blog\/comunicado-oficial\/#primaryimage"},"thumbnailUrl":"https:\/\/cervejaemalte.com.br\/wp-content\/uploads\/2018\/05\/blog-comunicado-1-1.png","datePublished":"2018-05-24T19:30:57+00:00","author":{"@id":"https:\/\/cervejaemalte.com.br\/#\/schema\/person\/f1cb569af4c641c9da3a7dc2147a1ab8"},"description":"Comunicado oficial: aulas canceladas em todo Brasil devido as paralisa\u00e7\u00f5es","breadcrumb":{"@id":"https:\/\/cervejaemalte.com.br\/blog\/comunicado-oficial\/#breadcrumb"},"inLanguage":"es","potentialAction":[{"@type":"ReadAction","target":["https:\/\/cervejaemalte.com.br\/blog\/comunicado-oficial\/"]}]},{"@type":"ImageObject","inLanguage":"es","@id":"https:\/\/cervejaemalte.com.br\/blog\/comunicado-oficial\/#primaryimage","url":"https:\/\/cervejaemalte.com.br\/wp-content\/uploads\/2018\/05\/blog-comunicado-1-1.png","contentUrl":"https:\/\/cervejaemalte.com.br\/wp-content\/uploads\/2018\/05\/blog-comunicado-1-1.png","width":630,"height":390},{"@type":"BreadcrumbList","@id":"https:\/\/cervejaemalte.com.br\/blog\/comunicado-oficial\/#breadcrumb","itemListElement":[{"@type":"ListItem","position":1,"name":"In\u00edcio","item":"https:\/\/cervejaemalte.com.br\/"},{"@type":"ListItem","position":2,"name":"COMUNICADO OFICIAL"}]},{"@type":"WebSite","@id":"https:\/\/cervejaemalte.com.br\/#website","url":"https:\/\/cervejaemalte.com.br\/","name":"Cerveja e Malte","description":"","potentialAction":[{"@type":"SearchAction","target":{"@type":"EntryPoint","urlTemplate":"https:\/\/cervejaemalte.com.br\/?s={search_term_string}"},"query-input":{"@type":"PropertyValueSpecification","valueRequired":true,"valueName":"search_term_string"}}],"inLanguage":"es"},{"@type":"Person","@id":"https:\/\/cervejaemalte.com.br\/#\/schema\/person\/f1cb569af4c641c9da3a7dc2147a1ab8","name":"vwwebmaster","image":{"@type":"ImageObject","inLanguage":"es","@id":"https:\/\/cervejaemalte.com.br\/#\/schema\/person\/image\/","url":"https:\/\/secure.gravatar.com\/avatar\/d5d9325311fe1f45c9d73ca30379f21ef2aa3dfaad2b297a1bb7a49062185564?s=96&d=mm&r=g","contentUrl":"https:\/\/secure.gravatar.com\/avatar\/d5d9325311fe1f45c9d73ca30379f21ef2aa3dfaad2b297a1bb7a49062185564?s=96&d=mm&r=g","caption":"vwwebmaster"},"sameAs":["https:\/\/www.cervejaemalte.com.br\/blog2021"],"url":"https:\/\/cervejaemalte.com.br\/es\/blog\/author\/vwwebmaster\/"}]}},"_links":{"self":[{"href":"https:\/\/cervejaemalte.com.br\/es\/wp-json\/wp\/v2\/posts\/1140","targetHints":{"allow":["GET"]}}],"collection":[{"href":"https:\/\/cervejaemalte.com.br\/es\/wp-json\/wp\/v2\/posts"}],"about":[{"href":"https:\/\/cervejaemalte.com.br\/es\/wp-json\/wp\/v2\/types\/post"}],"author":[{"embeddable":true,"href":"https:\/\/cervejaemalte.com.br\/es\/wp-json\/wp\/v2\/users\/1"}],"replies":[{"embeddable":true,"href":"https:\/\/cervejaemalte.com.br\/es\/wp-json\/wp\/v2\/comments?post=1140"}],"version-history":[{"count":0,"href":"https:\/\/cervejaemalte.com.br\/es\/wp-json\/wp\/v2\/posts\/1140\/revisions"}],"wp:featuredmedia":[{"embeddable":true,"href":"https:\/\/cervejaemalte.com.br\/es\/wp-json\/wp\/v2\/media\/1143"}],"wp:attachment":[{"href":"https:\/\/cervejaemalte.com.br\/es\/wp-json\/wp\/v2\/media?parent=1140"}],"wp:term":[{"taxonomy":"category","embeddable":true,"href":"https:\/\/cervejaemalte.com.br\/es\/wp-json\/wp\/v2\/categories?post=1140"},{"taxonomy":"post_tag","embeddable":true,"href":"https:\/\/cervejaemalte.com.br\/es\/wp-json\/wp\/v2\/tags?post=1140"}],"curies":[{"name":"wp","href":"https:\/\/api.w.org\/{rel}","templated":true}]}}