{"id":106,"date":"2014-06-03T01:00:49","date_gmt":"2014-06-03T04:00:49","guid":{"rendered":"https:\/\/www.cervejaemalte.com.br\/blog\/?p=106"},"modified":"2014-06-03T01:00:49","modified_gmt":"2014-06-03T04:00:49","slug":"as-cervejas-brasileiras-estao-em-um-bom-passo-2","status":"publish","type":"post","link":"https:\/\/cervejaemalte.com.br\/es\/blog\/las-cervezas-brasilenas-son-un-buen-paso-2\/","title":{"rendered":"\"Las cervezas brasile\u00f1as van a buen ritmo\""},"content":{"rendered":"<p>Lo dice Cilene Saorin, maestra cervecera de la Universidad Polit\u00e9cnica de Madrid y sumiller de cerveza, justo antes de la clase inaugural del Programa de Postgrado en Tecnolog\u00eda Cervecera que imparte la Escola Superior de Cerveja e Malte. Con m\u00e1s de 20 a\u00f1os de experiencia en el mundo de la cebada, Cilene afirma que la cerveza brasile\u00f1a pasa por un buen momento debido al desarrollo t\u00e9cnico, pero advierte que la cerveza brasile\u00f1a a\u00fan tiene mucho que aprender. Para ella, esto refleja dos logros econ\u00f3micos importantes para el pa\u00eds, con la estabilizaci\u00f3n de la moneda y la distribuci\u00f3n de la renta, pero sugiere correcciones en la pol\u00edtica econ\u00f3mica para permitir que el mercado crezca.<\/p>\n<p><strong>\u00bfC\u00f3mo valora el mercado nacional de la cerveza?<\/strong><br \/>\n<strong>Cilene Saorin<\/strong>: Las cervezas brasile\u00f1as van a buen ritmo, con un desarrollo t\u00e9cnico muy expresivo. La gente se implica con el atractivo gastron\u00f3mico y los diferentes estilos. Han estudiado mucho, lo que ha dado resultados a trav\u00e9s de campeonatos mundiales. Por ejemplo, la Copa del Mundo de la Cerveza y la European Beer Style. Estos concursos son una especie de term\u00f3metro para que las cervecer\u00edas tengan la oportunidad de presentarse y ver c\u00f3mo les va en comparaci\u00f3n con los dem\u00e1s.<\/p>\n<p><strong>\u00bfSomos ya un mercado maduro?<\/strong><br \/>\n<strong>CS:<\/strong>\u00a0Yo dir\u00eda que el mercado de la producci\u00f3n y el consumo es un adolescente. A menudo nos deslizamos pensando que lo entendemos todo, cuando en realidad a\u00fan nos queda mucho por aprender, para llegar a su mejor forma y en su mejor momento.<\/p>\n<p><strong>\u00bfA qu\u00e9 atribuye este buen momento de las cervezas en Brasil?<\/strong><br \/>\n<strong>CS:<\/strong>\u00a0Ha habido una evoluci\u00f3n en los \u00faltimos seis, ocho a\u00f1os. La estabilizaci\u00f3n de la econom\u00eda en 1994 y la distribuci\u00f3n de la renta en 2004 contribuyeron mucho. La primera nos permiti\u00f3 mejorar la estructura para lo que podr\u00eda convertirse en la base y dar impulso al crecimiento, que de hecho se produjo a partir de 2004, con la distribuci\u00f3n de la renta. La gente empez\u00f3 a tener ingresos para las necesidades b\u00e1sicas y tambi\u00e9n para el ocio, incluida la cerveza.<\/p>\n<p><strong>\u00bfPodr\u00eda la subida de impuestos sobre la cerveza obstaculizar el desarrollo del mercado cervecero y este buen momento?<\/strong><br \/>\n<strong>CS:<\/strong>\u00a0Es un problema que no s\u00f3lo afecta a las cervezas, sino tambi\u00e9n a los vinos y a los refrescos. Esto significa que las peque\u00f1as f\u00e1bricas de cerveza, en numerosos frentes y en la gastronom\u00eda, no se desarrollan porque no pueden ganar suficiente dinero. Una gran parte de la facturaci\u00f3n de las empresas se destina a pagar los insumos y otra, enorme, al Estado a trav\u00e9s de los impuestos. S\u00f3lo queda una peque\u00f1a parte para reservas, novedades y nuevas inversiones.<\/p>","protected":false},"excerpt":{"rendered":"<p>Cilene Saorin, maestro cervecero por la Universidad Polit\u00e9cnica de Madrid y sumiller de cerveza, lo dijo justo antes de la conferencia inaugural del Programa de Postgrado en Tecnolog\u00eda Cervecera que imparte la Escola Superior de Cerveja e Malte. Con m\u00e1s de 20 a\u00f1os de experiencia en el mundo de la cebada, Cilene afirma que la cerveza brasile\u00f1a es [...]<\/p>","protected":false},"author":1,"featured_media":99,"comment_status":"open","ping_status":"open","sticky":false,"template":"","format":"standard","meta":{"footnotes":""},"categories":[9,19,16],"tags":[17,18,20,15],"class_list":["post-106","post","type-post","status-publish","format-standard","has-post-thumbnail","hentry","category-cerveja-e-marketing","category-entrevista","category-escm","tag-cervejas-brasileiras","tag-cilene-saorin","tag-entrevista-2","tag-escm"],"yoast_head":"<!-- This site is optimized with the Yoast SEO plugin v26.0 - https:\/\/yoast.com\/wordpress\/plugins\/seo\/ -->\n<title>&quot;As cervejas brasileiras est\u00e3o em um bom passo&quot; - Cerveja e Malte<\/title>\n<meta name=\"robots\" content=\"index, follow, max-snippet:-1, max-image-preview:large, max-video-preview:-1\" \/>\n<link rel=\"canonical\" href=\"https:\/\/cervejaemalte.com.br\/es\/blog\/las-cervezas-brasilenas-son-un-buen-paso-2\/\" \/>\n<meta property=\"og:locale\" content=\"es_ES\" \/>\n<meta property=\"og:type\" content=\"article\" \/>\n<meta property=\"og:title\" content=\"&quot;As cervejas brasileiras est\u00e3o em um bom passo&quot; - Cerveja e Malte\" \/>\n<meta property=\"og:description\" content=\"Quem diz isso \u00e9 a mestre cervejeira pela Universidad Polit\u00e9cnica de Madrid e sommelier de cerveja, Cilene Saorin, pouco antes da aula inaugural da P\u00f3s Gradua\u00e7\u00e3o em Tecnologia Cervejeira oferecido pela Escola Superior de Cerveja e Malte. Com mais de 20 anos de viv\u00eancia no mundo da cevada, Cilene diz que a cerveja brasileira passa [&hellip;]\" \/>\n<meta property=\"og:url\" content=\"https:\/\/cervejaemalte.com.br\/es\/blog\/las-cervezas-brasilenas-son-un-buen-paso-2\/\" \/>\n<meta property=\"og:site_name\" content=\"Cerveja e Malte\" \/>\n<meta property=\"article:published_time\" content=\"2014-06-03T04:00:49+00:00\" \/>\n<meta property=\"og:image\" content=\"https:\/\/cervejaemalte.com.br\/wp-content\/uploads\/2014\/06\/cilene-1-scaled.jpg\" \/>\n\t<meta property=\"og:image:width\" content=\"2560\" \/>\n\t<meta property=\"og:image:height\" content=\"865\" \/>\n\t<meta property=\"og:image:type\" content=\"image\/jpeg\" \/>\n<meta name=\"author\" content=\"vwwebmaster\" \/>\n<meta name=\"twitter:card\" content=\"summary_large_image\" \/>\n<meta name=\"twitter:label1\" content=\"Escrito por\" \/>\n\t<meta name=\"twitter:data1\" content=\"vwwebmaster\" \/>\n\t<meta name=\"twitter:label2\" content=\"Tiempo de lectura\" \/>\n\t<meta name=\"twitter:data2\" content=\"2 minutos\" \/>\n<script type=\"application\/ld+json\" class=\"yoast-schema-graph\">{\"@context\":\"https:\/\/schema.org\",\"@graph\":[{\"@type\":\"WebPage\",\"@id\":\"https:\/\/cervejaemalte.com.br\/blog\/as-cervejas-brasileiras-estao-em-um-bom-passo-2\/\",\"url\":\"https:\/\/cervejaemalte.com.br\/blog\/as-cervejas-brasileiras-estao-em-um-bom-passo-2\/\",\"name\":\"\\\"As cervejas brasileiras est\u00e3o em um bom passo\\\" - Cerveja e Malte\",\"isPartOf\":{\"@id\":\"https:\/\/cervejaemalte.com.br\/#website\"},\"primaryImageOfPage\":{\"@id\":\"https:\/\/cervejaemalte.com.br\/blog\/as-cervejas-brasileiras-estao-em-um-bom-passo-2\/#primaryimage\"},\"image\":{\"@id\":\"https:\/\/cervejaemalte.com.br\/blog\/as-cervejas-brasileiras-estao-em-um-bom-passo-2\/#primaryimage\"},\"thumbnailUrl\":\"https:\/\/cervejaemalte.com.br\/wp-content\/uploads\/2014\/06\/cilene-1-scaled.jpg\",\"datePublished\":\"2014-06-03T04:00:49+00:00\",\"author\":{\"@id\":\"https:\/\/cervejaemalte.com.br\/#\/schema\/person\/f1cb569af4c641c9da3a7dc2147a1ab8\"},\"breadcrumb\":{\"@id\":\"https:\/\/cervejaemalte.com.br\/blog\/as-cervejas-brasileiras-estao-em-um-bom-passo-2\/#breadcrumb\"},\"inLanguage\":\"es\",\"potentialAction\":[{\"@type\":\"ReadAction\",\"target\":[\"https:\/\/cervejaemalte.com.br\/blog\/as-cervejas-brasileiras-estao-em-um-bom-passo-2\/\"]}]},{\"@type\":\"ImageObject\",\"inLanguage\":\"es\",\"@id\":\"https:\/\/cervejaemalte.com.br\/blog\/as-cervejas-brasileiras-estao-em-um-bom-passo-2\/#primaryimage\",\"url\":\"https:\/\/cervejaemalte.com.br\/wp-content\/uploads\/2014\/06\/cilene-1-scaled.jpg\",\"contentUrl\":\"https:\/\/cervejaemalte.com.br\/wp-content\/uploads\/2014\/06\/cilene-1-scaled.jpg\",\"width\":2560,\"height\":865,\"caption\":\"Entrevista Cilene Saorin: \u201cAs cervejas brasileiras est\u00e3o em um bom passo\u201d\"},{\"@type\":\"BreadcrumbList\",\"@id\":\"https:\/\/cervejaemalte.com.br\/blog\/as-cervejas-brasileiras-estao-em-um-bom-passo-2\/#breadcrumb\",\"itemListElement\":[{\"@type\":\"ListItem\",\"position\":1,\"name\":\"In\u00edcio\",\"item\":\"https:\/\/cervejaemalte.com.br\/\"},{\"@type\":\"ListItem\",\"position\":2,\"name\":\"&#8220;As cervejas brasileiras est\u00e3o em um bom passo&#8221;\"}]},{\"@type\":\"WebSite\",\"@id\":\"https:\/\/cervejaemalte.com.br\/#website\",\"url\":\"https:\/\/cervejaemalte.com.br\/\",\"name\":\"Cerveja e Malte\",\"description\":\"\",\"potentialAction\":[{\"@type\":\"SearchAction\",\"target\":{\"@type\":\"EntryPoint\",\"urlTemplate\":\"https:\/\/cervejaemalte.com.br\/?s={search_term_string}\"},\"query-input\":{\"@type\":\"PropertyValueSpecification\",\"valueRequired\":true,\"valueName\":\"search_term_string\"}}],\"inLanguage\":\"es\"},{\"@type\":\"Person\",\"@id\":\"https:\/\/cervejaemalte.com.br\/#\/schema\/person\/f1cb569af4c641c9da3a7dc2147a1ab8\",\"name\":\"vwwebmaster\",\"image\":{\"@type\":\"ImageObject\",\"inLanguage\":\"es\",\"@id\":\"https:\/\/cervejaemalte.com.br\/#\/schema\/person\/image\/\",\"url\":\"https:\/\/secure.gravatar.com\/avatar\/d5d9325311fe1f45c9d73ca30379f21ef2aa3dfaad2b297a1bb7a49062185564?s=96&d=mm&r=g\",\"contentUrl\":\"https:\/\/secure.gravatar.com\/avatar\/d5d9325311fe1f45c9d73ca30379f21ef2aa3dfaad2b297a1bb7a49062185564?s=96&d=mm&r=g\",\"caption\":\"vwwebmaster\"},\"sameAs\":[\"https:\/\/www.cervejaemalte.com.br\/blog2021\"],\"url\":\"https:\/\/cervejaemalte.com.br\/es\/blog\/author\/vwwebmaster\/\"}]}<\/script>\n<!-- \/ Yoast SEO plugin. -->","yoast_head_json":{"title":"\"As cervejas brasileiras est\u00e3o em um bom passo\" - Cerveja e Malte","robots":{"index":"index","follow":"follow","max-snippet":"max-snippet:-1","max-image-preview":"max-image-preview:large","max-video-preview":"max-video-preview:-1"},"canonical":"https:\/\/cervejaemalte.com.br\/es\/blog\/las-cervezas-brasilenas-son-un-buen-paso-2\/","og_locale":"es_ES","og_type":"article","og_title":"\"As cervejas brasileiras est\u00e3o em um bom passo\" - Cerveja e Malte","og_description":"Quem diz isso \u00e9 a mestre cervejeira pela Universidad Polit\u00e9cnica de Madrid e sommelier de cerveja, Cilene Saorin, pouco antes da aula inaugural da P\u00f3s Gradua\u00e7\u00e3o em Tecnologia Cervejeira oferecido pela Escola Superior de Cerveja e Malte. Com mais de 20 anos de viv\u00eancia no mundo da cevada, Cilene diz que a cerveja brasileira passa [&hellip;]","og_url":"https:\/\/cervejaemalte.com.br\/es\/blog\/las-cervezas-brasilenas-son-un-buen-paso-2\/","og_site_name":"Cerveja e Malte","article_published_time":"2014-06-03T04:00:49+00:00","og_image":[{"width":2560,"height":865,"url":"https:\/\/cervejaemalte.com.br\/wp-content\/uploads\/2014\/06\/cilene-1-scaled.jpg","type":"image\/jpeg"}],"author":"vwwebmaster","twitter_card":"summary_large_image","twitter_misc":{"Escrito por":"vwwebmaster","Tiempo de lectura":"2 minutos"},"schema":{"@context":"https:\/\/schema.org","@graph":[{"@type":"WebPage","@id":"https:\/\/cervejaemalte.com.br\/blog\/as-cervejas-brasileiras-estao-em-um-bom-passo-2\/","url":"https:\/\/cervejaemalte.com.br\/blog\/as-cervejas-brasileiras-estao-em-um-bom-passo-2\/","name":"\"As cervejas brasileiras est\u00e3o em um bom passo\" - Cerveja e Malte","isPartOf":{"@id":"https:\/\/cervejaemalte.com.br\/#website"},"primaryImageOfPage":{"@id":"https:\/\/cervejaemalte.com.br\/blog\/as-cervejas-brasileiras-estao-em-um-bom-passo-2\/#primaryimage"},"image":{"@id":"https:\/\/cervejaemalte.com.br\/blog\/as-cervejas-brasileiras-estao-em-um-bom-passo-2\/#primaryimage"},"thumbnailUrl":"https:\/\/cervejaemalte.com.br\/wp-content\/uploads\/2014\/06\/cilene-1-scaled.jpg","datePublished":"2014-06-03T04:00:49+00:00","author":{"@id":"https:\/\/cervejaemalte.com.br\/#\/schema\/person\/f1cb569af4c641c9da3a7dc2147a1ab8"},"breadcrumb":{"@id":"https:\/\/cervejaemalte.com.br\/blog\/as-cervejas-brasileiras-estao-em-um-bom-passo-2\/#breadcrumb"},"inLanguage":"es","potentialAction":[{"@type":"ReadAction","target":["https:\/\/cervejaemalte.com.br\/blog\/as-cervejas-brasileiras-estao-em-um-bom-passo-2\/"]}]},{"@type":"ImageObject","inLanguage":"es","@id":"https:\/\/cervejaemalte.com.br\/blog\/as-cervejas-brasileiras-estao-em-um-bom-passo-2\/#primaryimage","url":"https:\/\/cervejaemalte.com.br\/wp-content\/uploads\/2014\/06\/cilene-1-scaled.jpg","contentUrl":"https:\/\/cervejaemalte.com.br\/wp-content\/uploads\/2014\/06\/cilene-1-scaled.jpg","width":2560,"height":865,"caption":"Entrevista Cilene Saorin: \u201cAs cervejas brasileiras est\u00e3o em um bom passo\u201d"},{"@type":"BreadcrumbList","@id":"https:\/\/cervejaemalte.com.br\/blog\/as-cervejas-brasileiras-estao-em-um-bom-passo-2\/#breadcrumb","itemListElement":[{"@type":"ListItem","position":1,"name":"In\u00edcio","item":"https:\/\/cervejaemalte.com.br\/"},{"@type":"ListItem","position":2,"name":"&#8220;As cervejas brasileiras est\u00e3o em um bom passo&#8221;"}]},{"@type":"WebSite","@id":"https:\/\/cervejaemalte.com.br\/#website","url":"https:\/\/cervejaemalte.com.br\/","name":"Cerveja e Malte","description":"","potentialAction":[{"@type":"SearchAction","target":{"@type":"EntryPoint","urlTemplate":"https:\/\/cervejaemalte.com.br\/?s={search_term_string}"},"query-input":{"@type":"PropertyValueSpecification","valueRequired":true,"valueName":"search_term_string"}}],"inLanguage":"es"},{"@type":"Person","@id":"https:\/\/cervejaemalte.com.br\/#\/schema\/person\/f1cb569af4c641c9da3a7dc2147a1ab8","name":"vwwebmaster","image":{"@type":"ImageObject","inLanguage":"es","@id":"https:\/\/cervejaemalte.com.br\/#\/schema\/person\/image\/","url":"https:\/\/secure.gravatar.com\/avatar\/d5d9325311fe1f45c9d73ca30379f21ef2aa3dfaad2b297a1bb7a49062185564?s=96&d=mm&r=g","contentUrl":"https:\/\/secure.gravatar.com\/avatar\/d5d9325311fe1f45c9d73ca30379f21ef2aa3dfaad2b297a1bb7a49062185564?s=96&d=mm&r=g","caption":"vwwebmaster"},"sameAs":["https:\/\/www.cervejaemalte.com.br\/blog2021"],"url":"https:\/\/cervejaemalte.com.br\/es\/blog\/author\/vwwebmaster\/"}]}},"_links":{"self":[{"href":"https:\/\/cervejaemalte.com.br\/es\/wp-json\/wp\/v2\/posts\/106","targetHints":{"allow":["GET"]}}],"collection":[{"href":"https:\/\/cervejaemalte.com.br\/es\/wp-json\/wp\/v2\/posts"}],"about":[{"href":"https:\/\/cervejaemalte.com.br\/es\/wp-json\/wp\/v2\/types\/post"}],"author":[{"embeddable":true,"href":"https:\/\/cervejaemalte.com.br\/es\/wp-json\/wp\/v2\/users\/1"}],"replies":[{"embeddable":true,"href":"https:\/\/cervejaemalte.com.br\/es\/wp-json\/wp\/v2\/comments?post=106"}],"version-history":[{"count":0,"href":"https:\/\/cervejaemalte.com.br\/es\/wp-json\/wp\/v2\/posts\/106\/revisions"}],"wp:featuredmedia":[{"embeddable":true,"href":"https:\/\/cervejaemalte.com.br\/es\/wp-json\/wp\/v2\/media\/99"}],"wp:attachment":[{"href":"https:\/\/cervejaemalte.com.br\/es\/wp-json\/wp\/v2\/media?parent=106"}],"wp:term":[{"taxonomy":"category","embeddable":true,"href":"https:\/\/cervejaemalte.com.br\/es\/wp-json\/wp\/v2\/categories?post=106"},{"taxonomy":"post_tag","embeddable":true,"href":"https:\/\/cervejaemalte.com.br\/es\/wp-json\/wp\/v2\/tags?post=106"}],"curies":[{"name":"wp","href":"https:\/\/api.w.org\/{rel}","templated":true}]}}